{"id":956,"date":"2016-11-15T18:00:47","date_gmt":"2016-11-15T17:00:47","guid":{"rendered":"https:\/\/www.schuetzenverein-marienheide.de\/?p=956"},"modified":"2016-11-15T18:01:19","modified_gmt":"2016-11-15T17:01:19","slug":"arbeitseinsatz-am-ehrenmal-ellberg","status":"publish","type":"post","link":"https:\/\/www.schuetzenverein-marienheide.de\/index.php\/2016\/11\/15\/arbeitseinsatz-am-ehrenmal-ellberg\/","title":{"rendered":"Arbeitseinsatz am Ehrenmal Ellberg"},"content":{"rendered":"<p>Am 12.11.16 wurde das Ehrenmal Ellberg f\u00fcr die Gedenkveranstaltung zum Volkstrauertag von den Sch\u00fctzen herausgeputzt. An der Veranstaltung am Sonntag nahmen neben den Heier Sch\u00fctzen auch die Kameraden aus M\u00fcllenbach, eine Abordnung der Feuerwehr Marienheide sowie zahlreiche Zivilisten teil. Neben den Ansprachen von Gemeinde- und Kirchenvertreter untermalten der Musikzug der freiw. Feuerwehr sowie der MGV Linge die Gedenkfeier musikalisch.<\/p>\n\n\t\t<style type=\"text\/css\">\n\t\t\t#gallery-1 {\n\t\t\t\tmargin: auto;\n\t\t\t}\n\t\t\t#gallery-1 .gallery-item {\n\t\t\t\tfloat: left;\n\t\t\t\tmargin-top: 10px;\n\t\t\t\ttext-align: center;\n\t\t\t\twidth: 33%;\n\t\t\t}\n\t\t\t#gallery-1 img {\n\t\t\t\tborder: 2px solid #cfcfcf;\n\t\t\t}\n\t\t\t#gallery-1 .gallery-caption {\n\t\t\t\tmargin-left: 0;\n\t\t\t}\n\t\t\t\/* see gallery_shortcode() in wp-includes\/media.php *\/\n\t\t<\/style>\n\t\t<div id='gallery-1' class='gallery galleryid-956 gallery-columns-3 gallery-size-thumbnail'><dl class='gallery-item'>\n\t\t\t<dt class='gallery-icon landscape'>\n\t\t\t\t<a href='https:\/\/www.schuetzenverein-marienheide.de\/wp-content\/uploads\/2016\/11\/Ehrenmal-2016.jpg'><img loading=\"lazy\" decoding=\"async\" width=\"150\" height=\"150\" src=\"https:\/\/www.schuetzenverein-marienheide.de\/wp-content\/uploads\/2016\/11\/Ehrenmal-2016-150x150.jpg\" class=\"attachment-thumbnail size-thumbnail\" alt=\"\" \/><\/a>\n\t\t\t<\/dt><\/dl>\n\t\t\t<br style='clear: both' \/>\n\t\t<\/div>\n\n","protected":false},"excerpt":{"rendered":"<p>Am 12.11.16 wurde das Ehrenmal Ellberg f\u00fcr die Gedenkveranstaltung zum Volkstrauertag von den Sch\u00fctzen herausgeputzt. An der Veranstaltung am Sonntag nahmen neben den Heier Sch\u00fctzen auch die Kameraden aus M\u00fcllenbach, eine Abordnung der Feuerwehr Marienheide sowie zahlreiche Zivilisten teil. Neben den Ansprachen von Gemeinde- und Kirchenvertreter untermalten der Musikzug der freiw. Feuerwehr sowie der MGV [&hellip;]<\/p>\n","protected":false},"author":3,"featured_media":0,"comment_status":"open","ping_status":"open","sticky":false,"template":"","format":"standard","meta":{"footnotes":""},"categories":[3],"tags":[],"class_list":["post-956","post","type-post","status-publish","format-standard","hentry","category-aktuelles"],"_links":{"self":[{"href":"https:\/\/www.schuetzenverein-marienheide.de\/index.php\/wp-json\/wp\/v2\/posts\/956","targetHints":{"allow":["GET"]}}],"collection":[{"href":"https:\/\/www.schuetzenverein-marienheide.de\/index.php\/wp-json\/wp\/v2\/posts"}],"about":[{"href":"https:\/\/www.schuetzenverein-marienheide.de\/index.php\/wp-json\/wp\/v2\/types\/post"}],"author":[{"embeddable":true,"href":"https:\/\/www.schuetzenverein-marienheide.de\/index.php\/wp-json\/wp\/v2\/users\/3"}],"replies":[{"embeddable":true,"href":"https:\/\/www.schuetzenverein-marienheide.de\/index.php\/wp-json\/wp\/v2\/comments?post=956"}],"version-history":[{"count":1,"href":"https:\/\/www.schuetzenverein-marienheide.de\/index.php\/wp-json\/wp\/v2\/posts\/956\/revisions"}],"predecessor-version":[{"id":958,"href":"https:\/\/www.schuetzenverein-marienheide.de\/index.php\/wp-json\/wp\/v2\/posts\/956\/revisions\/958"}],"wp:attachment":[{"href":"https:\/\/www.schuetzenverein-marienheide.de\/index.php\/wp-json\/wp\/v2\/media?parent=956"}],"wp:term":[{"taxonomy":"category","embeddable":true,"href":"https:\/\/www.schuetzenverein-marienheide.de\/index.php\/wp-json\/wp\/v2\/categories?post=956"},{"taxonomy":"post_tag","embeddable":true,"href":"https:\/\/www.schuetzenverein-marienheide.de\/index.php\/wp-json\/wp\/v2\/tags?post=956"}],"curies":[{"name":"wp","href":"https:\/\/api.w.org\/{rel}","templated":true}]}}