{"id":7172,"date":"2023-11-13T16:13:37","date_gmt":"2023-11-13T15:13:37","guid":{"rendered":"https:\/\/www.schuetzenverein-marienheide.de\/?p=7172"},"modified":"2023-11-13T16:13:37","modified_gmt":"2023-11-13T15:13:37","slug":"hochzeit-von-daniela-manuel-braun","status":"publish","type":"post","link":"https:\/\/www.schuetzenverein-marienheide.de\/index.php\/2023\/11\/13\/hochzeit-von-daniela-manuel-braun\/","title":{"rendered":"Hochzeit von Daniela &#038; Manuel Braun"},"content":{"rendered":"\n<p>Am 26. August besiegelten Daniela (Mitglied des erweiterten Vorstandes) und Manuel Braun ihr Ehegel\u00fcbde erneut und holten sich den kirchlichen Segen. Wir w\u00fcnschen den Beiden alles Gute f\u00fcr ihre gemeinsame Zukunft! <\/p>\n\n\n\n<figure class=\"wp-block-image size-full is-resized\"><img loading=\"lazy\" decoding=\"async\" src=\"https:\/\/www.schuetzenverein-marienheide.de\/wp-content\/uploads\/2023\/11\/IMG_8885-1.jpeg\" alt=\"\" class=\"wp-image-7180\" width=\"623\" height=\"467\" srcset=\"https:\/\/www.schuetzenverein-marienheide.de\/wp-content\/uploads\/2023\/11\/IMG_8885-1.jpeg 960w, https:\/\/www.schuetzenverein-marienheide.de\/wp-content\/uploads\/2023\/11\/IMG_8885-1-300x225.jpeg 300w, https:\/\/www.schuetzenverein-marienheide.de\/wp-content\/uploads\/2023\/11\/IMG_8885-1-768x576.jpeg 768w\" sizes=\"auto, (max-width: 623px) 100vw, 623px\" \/><\/figure>\n\n\n\n<figure class=\"wp-block-gallery has-nested-images columns-default is-cropped wp-block-gallery-1 is-layout-flex wp-block-gallery-is-layout-flex\">\n<figure class=\"wp-block-image size-large\"><img loading=\"lazy\" decoding=\"async\" width=\"720\" height=\"960\" data-id=\"7182\" src=\"https:\/\/www.schuetzenverein-marienheide.de\/wp-content\/uploads\/2023\/11\/IMG_8886-2.jpeg\" alt=\"\" class=\"wp-image-7182\" srcset=\"https:\/\/www.schuetzenverein-marienheide.de\/wp-content\/uploads\/2023\/11\/IMG_8886-2.jpeg 720w, https:\/\/www.schuetzenverein-marienheide.de\/wp-content\/uploads\/2023\/11\/IMG_8886-2-225x300.jpeg 225w\" sizes=\"auto, (max-width: 720px) 100vw, 720px\" \/><\/figure>\n\n\n\n<figure class=\"wp-block-image size-large\"><img loading=\"lazy\" decoding=\"async\" width=\"960\" height=\"720\" data-id=\"7181\" src=\"https:\/\/www.schuetzenverein-marienheide.de\/wp-content\/uploads\/2023\/11\/IMG_8887-1.jpeg\" alt=\"\" class=\"wp-image-7181\" srcset=\"https:\/\/www.schuetzenverein-marienheide.de\/wp-content\/uploads\/2023\/11\/IMG_8887-1.jpeg 960w, https:\/\/www.schuetzenverein-marienheide.de\/wp-content\/uploads\/2023\/11\/IMG_8887-1-300x225.jpeg 300w, https:\/\/www.schuetzenverein-marienheide.de\/wp-content\/uploads\/2023\/11\/IMG_8887-1-768x576.jpeg 768w\" sizes=\"auto, (max-width: 960px) 100vw, 960px\" \/><\/figure>\n\n\n\n<figure class=\"wp-block-image size-large\"><img loading=\"lazy\" decoding=\"async\" width=\"720\" height=\"960\" data-id=\"7183\" src=\"https:\/\/www.schuetzenverein-marienheide.de\/wp-content\/uploads\/2023\/11\/IMG_8889-2.jpeg\" alt=\"\" class=\"wp-image-7183\" srcset=\"https:\/\/www.schuetzenverein-marienheide.de\/wp-content\/uploads\/2023\/11\/IMG_8889-2.jpeg 720w, https:\/\/www.schuetzenverein-marienheide.de\/wp-content\/uploads\/2023\/11\/IMG_8889-2-225x300.jpeg 225w\" sizes=\"auto, (max-width: 720px) 100vw, 720px\" \/><\/figure>\n\n\n\n<figure class=\"wp-block-image size-large\"><img loading=\"lazy\" decoding=\"async\" width=\"960\" height=\"720\" data-id=\"7184\" src=\"https:\/\/www.schuetzenverein-marienheide.de\/wp-content\/uploads\/2023\/11\/IMG_8888-1.jpeg\" alt=\"\" class=\"wp-image-7184\" srcset=\"https:\/\/www.schuetzenverein-marienheide.de\/wp-content\/uploads\/2023\/11\/IMG_8888-1.jpeg 960w, https:\/\/www.schuetzenverein-marienheide.de\/wp-content\/uploads\/2023\/11\/IMG_8888-1-300x225.jpeg 300w, https:\/\/www.schuetzenverein-marienheide.de\/wp-content\/uploads\/2023\/11\/IMG_8888-1-768x576.jpeg 768w\" sizes=\"auto, (max-width: 960px) 100vw, 960px\" \/><\/figure>\n<\/figure>\n","protected":false},"excerpt":{"rendered":"<p>Am 26. August besiegelten Daniela (Mitglied des erweiterten Vorstandes) und Manuel Braun ihr Ehegel\u00fcbde erneut und holten sich den kirchlichen Segen. Wir w\u00fcnschen den Beiden alles Gute f\u00fcr ihre gemeinsame Zukunft!<\/p>\n","protected":false},"author":11,"featured_media":0,"comment_status":"open","ping_status":"open","sticky":false,"template":"","format":"standard","meta":{"footnotes":""},"categories":[3],"tags":[],"class_list":["post-7172","post","type-post","status-publish","format-standard","hentry","category-aktuelles"],"_links":{"self":[{"href":"https:\/\/www.schuetzenverein-marienheide.de\/index.php\/wp-json\/wp\/v2\/posts\/7172","targetHints":{"allow":["GET"]}}],"collection":[{"href":"https:\/\/www.schuetzenverein-marienheide.de\/index.php\/wp-json\/wp\/v2\/posts"}],"about":[{"href":"https:\/\/www.schuetzenverein-marienheide.de\/index.php\/wp-json\/wp\/v2\/types\/post"}],"author":[{"embeddable":true,"href":"https:\/\/www.schuetzenverein-marienheide.de\/index.php\/wp-json\/wp\/v2\/users\/11"}],"replies":[{"embeddable":true,"href":"https:\/\/www.schuetzenverein-marienheide.de\/index.php\/wp-json\/wp\/v2\/comments?post=7172"}],"version-history":[{"count":1,"href":"https:\/\/www.schuetzenverein-marienheide.de\/index.php\/wp-json\/wp\/v2\/posts\/7172\/revisions"}],"predecessor-version":[{"id":7185,"href":"https:\/\/www.schuetzenverein-marienheide.de\/index.php\/wp-json\/wp\/v2\/posts\/7172\/revisions\/7185"}],"wp:attachment":[{"href":"https:\/\/www.schuetzenverein-marienheide.de\/index.php\/wp-json\/wp\/v2\/media?parent=7172"}],"wp:term":[{"taxonomy":"category","embeddable":true,"href":"https:\/\/www.schuetzenverein-marienheide.de\/index.php\/wp-json\/wp\/v2\/categories?post=7172"},{"taxonomy":"post_tag","embeddable":true,"href":"https:\/\/www.schuetzenverein-marienheide.de\/index.php\/wp-json\/wp\/v2\/tags?post=7172"}],"curies":[{"name":"wp","href":"https:\/\/api.w.org\/{rel}","templated":true}]}}